{"id":9235,"date":"2024-03-29T07:49:39","date_gmt":"2024-03-29T06:49:39","guid":{"rendered":"http:\/\/www.herr-nipp.de\/?p=9235"},"modified":"2024-03-29T07:49:39","modified_gmt":"2024-03-29T06:49:39","slug":"welt-vernunft-und-gefuehl","status":"publish","type":"post","link":"http:\/\/www.herr-nipp.de\/?p=9235","title":{"rendered":"Welt, Vernunft und Gef\u00fchl"},"content":{"rendered":"\n<p>Als er diesen Morgen auf seinem alten Sofa aus den sechziger Jahren sitzt, nat\u00fcrlich schwarzes Leder auf Kirschholzbeinen (Oh Gott, werden all die woken Menschen ausrufen, die ihren K\u00f6rper vegan ern\u00e4hren. Das darf doch nicht wahr sein, da sitzt ein Mesnch auf Tierh\u00e4uten&#8230;), vor Jahren vor dem Schicksal gerettet, auf dem Sperrm\u00fcll zu landen, h\u00f6rt er im Deutschlandfunk eine Besprechung eines neuen Buches zu Immanuel Kant. Niemand mag auch nur erahnen, das wieviel hunderttausendste Erl\u00e4uterungs- oder Verklitterungsbuch \u00fcber jene Theorien das nun sein mag, aber offenbar f\u00fchlen sich immer wieder Menschen berufen, der Welt zu erkl\u00e4ren, was Kant uns heute noch zu sagen hat. Vor allem aber wollen sie uns weis machen, dass eigentlich jeder die &#8222;Kritk der reinen Vernunft&#8220; doch zu lesen habe. Wirklich, das m\u00f6chte niemandem ernstlich zugemutet sein. Da wird dann nat\u00fcrlich irgendeine Version des Kategorischen Imperativs bem\u00fct, klar, auch der Gemeinplatz &#8222;Habe den Mut dich deines&#8230;&#8220; kann in immer neuer Weise missbraucht werden, \u00e4hnlich wie die Bibeltexte gerne umgedeutet werden. Und es muss einleuchtend erkl\u00e4rt werden, dass Gottes angeblicher Tod einher geht mit der wahren Erkenntnis durch den reinen Rationalismus. Herr Nipp muss g\u00e4hnen, geht in die K\u00fcche, holt sich die beiden Tassen Tee, welche er sich vor einigen Minuten vorbereitet hat, zieht sie vielleicht ein wenig zu ruckhaft von der Anrichte und tats\u00e4chlich entschl\u00fcpft seinen Lippen ein kleiner Fluch, weil die Fl\u00fcssigkeit wirklich hei\u00df ist. Dass er die Tassen nicht losl\u00e4sst. Und pl\u00f6tzlich versteht er, was Kant meint, wenn er sozusagen sagt, wir sehen die Welt, wir wissen allerdings erst etwas, wenn wir unsere Vernunft zur Untersuchung gebrauchen. Was ihm allerdings fehlt, denkt Herr Nipp, ist der Bezug zum Gef\u00fchl, das innere wie das \u00e4u\u00dfere.<\/p>\n","protected":false},"excerpt":{"rendered":"<p>Als er diesen Morgen auf seinem alten Sofa aus den sechziger Jahren sitzt, nat\u00fcrlich schwarzes Leder auf Kirschholzbeinen (Oh Gott, werden all die woken Menschen ausrufen, die ihren K\u00f6rper vegan ern\u00e4hren. Das darf doch nicht wahr sein, da sitzt ein &hellip; <a href=\"http:\/\/www.herr-nipp.de\/?p=9235\">Weiterlesen <span class=\"meta-nav\">&rarr;<\/span><\/a><\/p>\n","protected":false},"author":1,"featured_media":0,"comment_status":"closed","ping_status":"","sticky":false,"template":"","format":"standard","meta":{"footnotes":""},"categories":[1],"tags":[],"class_list":["post-9235","post","type-post","status-publish","format-standard","hentry","category-allgemein"],"_links":{"self":[{"href":"http:\/\/www.herr-nipp.de\/index.php?rest_route=\/wp\/v2\/posts\/9235","targetHints":{"allow":["GET"]}}],"collection":[{"href":"http:\/\/www.herr-nipp.de\/index.php?rest_route=\/wp\/v2\/posts"}],"about":[{"href":"http:\/\/www.herr-nipp.de\/index.php?rest_route=\/wp\/v2\/types\/post"}],"author":[{"embeddable":true,"href":"http:\/\/www.herr-nipp.de\/index.php?rest_route=\/wp\/v2\/users\/1"}],"replies":[{"embeddable":true,"href":"http:\/\/www.herr-nipp.de\/index.php?rest_route=%2Fwp%2Fv2%2Fcomments&post=9235"}],"version-history":[{"count":1,"href":"http:\/\/www.herr-nipp.de\/index.php?rest_route=\/wp\/v2\/posts\/9235\/revisions"}],"predecessor-version":[{"id":9236,"href":"http:\/\/www.herr-nipp.de\/index.php?rest_route=\/wp\/v2\/posts\/9235\/revisions\/9236"}],"wp:attachment":[{"href":"http:\/\/www.herr-nipp.de\/index.php?rest_route=%2Fwp%2Fv2%2Fmedia&parent=9235"}],"wp:term":[{"taxonomy":"category","embeddable":true,"href":"http:\/\/www.herr-nipp.de\/index.php?rest_route=%2Fwp%2Fv2%2Fcategories&post=9235"},{"taxonomy":"post_tag","embeddable":true,"href":"http:\/\/www.herr-nipp.de\/index.php?rest_route=%2Fwp%2Fv2%2Ftags&post=9235"}],"curies":[{"name":"wp","href":"https:\/\/api.w.org\/{rel}","templated":true}]}}