{"id":7162,"date":"2020-11-30T07:06:32","date_gmt":"2020-11-30T06:06:32","guid":{"rendered":"http:\/\/www.herr-nipp.de\/?p=7162"},"modified":"2020-11-30T07:06:32","modified_gmt":"2020-11-30T06:06:32","slug":"wochen-der-einkehr-wochen-des-einkaufens","status":"publish","type":"post","link":"http:\/\/www.herr-nipp.de\/?p=7162","title":{"rendered":"Wochen der Einkehr &#8211; Wochen des Einkaufens"},"content":{"rendered":"\n<p>Fr\u00fcher einmal war die Adventszeit eine Fastenzeit. Der Konsum hat daraus etwas v\u00f6llig Anderes gemacht. Die Adventszeit ist eine der Lichter, des ungehemmten Einkaufens, der Reklame geworden. eine Zeit der Basare und Weihnachtsm\u00e4rkte. eine Zeit der Ausfl\u00fcge und des Treffens mit Freunden. Das mag man alles beklagen, andererseits sichert diese Zeit vielen Millionen Menschen ein Einkommen und die M\u00f6glichkeit, sich endlich mal wieder zu treffen, auch wenn das in diesem Coronajahr vielleicht etwas schwerer f\u00e4llt und vorsichtig agiert werden muss. Mit anderen Worten: In dieser Zeit der ehemaligen Stille und des Wartens machen die Einzelh\u00e4ndler, die Steuern zahlen, heute allerdings vor allem die gro\u00dfen Onlinekaufh\u00e4user, die fast keine Steuern zahlen, weil ihre Stammsitze in Steuroasen liegen, ihre gr\u00f6\u00dften Gesch\u00e4fte. Dieses Ph\u00e4nomen ist schon oft beschrieben und sicher eben so oft kritisch be\u00e4ugt worden, ohne dass irgendetwas ver\u00e4ndert wurde. Die Einzelh\u00e4ndler m\u00fcssen f\u00fcr jede Verpackung Geb\u00fchren verlangen, die Onlineh\u00e4ndler nicht. Von Mieten und Personalkosten mal ganz abgesehen. Herr Nipp hat irgendwann f\u00fcr sich beschlossen, nichts im Netz zu bestellen oder zumindest fast nichts, denn tats\u00e4chlich gibt es mehr (mehr) alles vor Ort zu erwerben. Erstmal in der Stadt gucken, dort kaufen, dort den Einzelhandel unterst\u00fctzen. Dort auch Menschen treffen, die man sonst nicht (mehr) sieht. Sonst w\u00fcrde er sich irgendwann wundern, dass er dort keine Gesch\u00e4fte mehr findet. Und machmal denkt er, vielleicht nutzen auch die anderen heute noch die Gelegenheit, in der Adventszeit in der eigenen Stadt einzukaufen und dort Arbeitspl\u00e4tze zu sichern.<\/p>\n","protected":false},"excerpt":{"rendered":"<p>Fr\u00fcher einmal war die Adventszeit eine Fastenzeit. Der Konsum hat daraus etwas v\u00f6llig Anderes gemacht. Die Adventszeit ist eine der Lichter, des ungehemmten Einkaufens, der Reklame geworden. eine Zeit der Basare und Weihnachtsm\u00e4rkte. eine Zeit der Ausfl\u00fcge und des Treffens &hellip; <a href=\"http:\/\/www.herr-nipp.de\/?p=7162\">Weiterlesen <span class=\"meta-nav\">&rarr;<\/span><\/a><\/p>\n","protected":false},"author":1,"featured_media":0,"comment_status":"closed","ping_status":"closed","sticky":false,"template":"","format":"standard","meta":{"footnotes":""},"categories":[1],"tags":[],"class_list":["post-7162","post","type-post","status-publish","format-standard","hentry","category-allgemein"],"_links":{"self":[{"href":"http:\/\/www.herr-nipp.de\/index.php?rest_route=\/wp\/v2\/posts\/7162","targetHints":{"allow":["GET"]}}],"collection":[{"href":"http:\/\/www.herr-nipp.de\/index.php?rest_route=\/wp\/v2\/posts"}],"about":[{"href":"http:\/\/www.herr-nipp.de\/index.php?rest_route=\/wp\/v2\/types\/post"}],"author":[{"embeddable":true,"href":"http:\/\/www.herr-nipp.de\/index.php?rest_route=\/wp\/v2\/users\/1"}],"replies":[{"embeddable":true,"href":"http:\/\/www.herr-nipp.de\/index.php?rest_route=%2Fwp%2Fv2%2Fcomments&post=7162"}],"version-history":[{"count":1,"href":"http:\/\/www.herr-nipp.de\/index.php?rest_route=\/wp\/v2\/posts\/7162\/revisions"}],"predecessor-version":[{"id":7163,"href":"http:\/\/www.herr-nipp.de\/index.php?rest_route=\/wp\/v2\/posts\/7162\/revisions\/7163"}],"wp:attachment":[{"href":"http:\/\/www.herr-nipp.de\/index.php?rest_route=%2Fwp%2Fv2%2Fmedia&parent=7162"}],"wp:term":[{"taxonomy":"category","embeddable":true,"href":"http:\/\/www.herr-nipp.de\/index.php?rest_route=%2Fwp%2Fv2%2Fcategories&post=7162"},{"taxonomy":"post_tag","embeddable":true,"href":"http:\/\/www.herr-nipp.de\/index.php?rest_route=%2Fwp%2Fv2%2Ftags&post=7162"}],"curies":[{"name":"wp","href":"https:\/\/api.w.org\/{rel}","templated":true}]}}