{"id":5153,"date":"2016-06-10T19:41:35","date_gmt":"2016-06-10T17:41:35","guid":{"rendered":"http:\/\/www.herr-nipp.de\/?p=5153"},"modified":"2016-05-19T08:01:44","modified_gmt":"2016-05-19T06:01:44","slug":"jagd-aus-waldgedichte-fuer-naive-anfaenger","status":"publish","type":"post","link":"http:\/\/www.herr-nipp.de\/?p=5153","title":{"rendered":"Jagd (aus &#8222;Waldgedichte f\u00fcr naive Anf\u00e4nger&#8220;)"},"content":{"rendered":"<p>Gelb und gr\u00fcn das Fleckenlicht<br \/>\nwandert \u00fcber den Boden<br \/>\nleider nur, ich seh es nicht,<br \/>\nin meinem gr\u00fcnen Loden.<\/p>\n<p>Denn im Versteck im Ansitz sitz ich,<br \/>\nim Anschlag wartend ein Gewehr,<br \/>\nSonne auf Regenbl\u00e4ttern blitzt sich,<br \/>\nso wird das Warten mir doch schwer.<\/p>\n<p>Von oben h\u00f6r ich Eulen jammern,<br \/>\ndass die Nacht zuende ist,<br \/>\nsich Spechte an die Rinde klammern,<br \/>\nund dass du schon gegangen bist.<\/p>\n<p>Im Laub da rascheln alle M\u00e4use<br \/>\ngleichzeitig, als w\u00e4r dort ein\u00a0gro\u00dfes Nest,<br \/>\nes wird mir mulmig im Geh\u00e4use,<br \/>\ntrink aus dem Flachmann einen Rest.<\/p>\n<p>Von oben h\u00f6r ich \u00c4ste fallen,<br \/>\nweil ein Marder randaliert,<br \/>\ndie laut auf den Kasten knallen,<br \/>\nals sei die Welt nicht orientiert.<\/p>\n<p>Im Laub unten zwischen den Steinen<br \/>\nh\u00f6r ich die flinken F\u00fcchse jaulen,<br \/>\ndoch zu sehen krieg ich keinen,<br \/>\nsie werden sich wohl heimlich kraulen.<\/p>\n<p>Von oben h\u00f6r ich nur Geschrei<br \/>\nund manchmal tierisch einen Furz;<br \/>\ngeh ich hinaus, so bin ich frei.<br \/>\nDas Warten lang, das Gehen kurz.<\/p>\n<p>Im Laub, da grunzen auch die Schweine,<br \/>\nverdorrich, was soll das denn jetzt?<br \/>\nIch seh kein R\u00fcssel, keine Beine,<br \/>\nso langsam f\u00fchl ich mich gehetzt.<\/p>\n<p>Ich gebe auf, so geht das nicht,<br \/>\nwerd keinen Elch mehr schie\u00dfen,<br \/>\ndie T\u00fcre zu, das Fenster dicht,<br \/>\nmuss nun die Jagd beschlie\u00dfen.<\/p>\n<p>&#8222;Nun ist er fort, das Leben tobt,<br \/>\nwir feiern heute mal.&#8220;<br \/>\nDer Elch nun seine Freunde lobt.<br \/>\nDer J\u00e4ger zieht frustriert zu Tal.<\/p>\n<p>&nbsp;<\/p>\n","protected":false},"excerpt":{"rendered":"<p>Gelb und gr\u00fcn das Fleckenlicht wandert \u00fcber den Boden leider nur, ich seh es nicht, in meinem gr\u00fcnen Loden. Denn im Versteck im Ansitz sitz ich, im Anschlag wartend ein Gewehr, Sonne auf Regenbl\u00e4ttern blitzt sich, so wird das Warten &hellip; <a href=\"http:\/\/www.herr-nipp.de\/?p=5153\">Weiterlesen <span class=\"meta-nav\">&rarr;<\/span><\/a><\/p>\n","protected":false},"author":1,"featured_media":0,"comment_status":"closed","ping_status":"closed","sticky":false,"template":"","format":"standard","meta":{"footnotes":""},"categories":[1],"tags":[],"class_list":["post-5153","post","type-post","status-publish","format-standard","hentry","category-allgemein"],"_links":{"self":[{"href":"http:\/\/www.herr-nipp.de\/index.php?rest_route=\/wp\/v2\/posts\/5153","targetHints":{"allow":["GET"]}}],"collection":[{"href":"http:\/\/www.herr-nipp.de\/index.php?rest_route=\/wp\/v2\/posts"}],"about":[{"href":"http:\/\/www.herr-nipp.de\/index.php?rest_route=\/wp\/v2\/types\/post"}],"author":[{"embeddable":true,"href":"http:\/\/www.herr-nipp.de\/index.php?rest_route=\/wp\/v2\/users\/1"}],"replies":[{"embeddable":true,"href":"http:\/\/www.herr-nipp.de\/index.php?rest_route=%2Fwp%2Fv2%2Fcomments&post=5153"}],"version-history":[{"count":3,"href":"http:\/\/www.herr-nipp.de\/index.php?rest_route=\/wp\/v2\/posts\/5153\/revisions"}],"predecessor-version":[{"id":5168,"href":"http:\/\/www.herr-nipp.de\/index.php?rest_route=\/wp\/v2\/posts\/5153\/revisions\/5168"}],"wp:attachment":[{"href":"http:\/\/www.herr-nipp.de\/index.php?rest_route=%2Fwp%2Fv2%2Fmedia&parent=5153"}],"wp:term":[{"taxonomy":"category","embeddable":true,"href":"http:\/\/www.herr-nipp.de\/index.php?rest_route=%2Fwp%2Fv2%2Fcategories&post=5153"},{"taxonomy":"post_tag","embeddable":true,"href":"http:\/\/www.herr-nipp.de\/index.php?rest_route=%2Fwp%2Fv2%2Ftags&post=5153"}],"curies":[{"name":"wp","href":"https:\/\/api.w.org\/{rel}","templated":true}]}}