{"id":4660,"date":"2015-05-29T11:10:49","date_gmt":"2015-05-29T09:10:49","guid":{"rendered":"http:\/\/www.herr-nipp.de\/?p=4660"},"modified":"2015-05-31T09:58:33","modified_gmt":"2015-05-31T07:58:33","slug":"der-geist-von-sagen-wir-einmal","status":"publish","type":"post","link":"http:\/\/www.herr-nipp.de\/?p=4660","title":{"rendered":"Der Geist von &#8211; sagen wir einmal&#8230;"},"content":{"rendered":"<div id=\":10k\" class=\"a3s\">\n<div>\n<p>Egal welche deutsche Stadt, sie wird mit einem Geist verbunden, denkt er sich. Welcher Geist auch immer, man wird schon etwas finden. Da gibt es den Geist von Weimar, den der Dichter und Denker, des Humanismus. Der Geist von Frankfurt? Vielleicht noch 1848, vor allem aber das Bankwesen, den reinsten Kapitalismus, der sogar ohne Waren auskommt, ohne Produktionsmittel, reinste Fiktion der Buchzahlen. An diesen Geist glaubt die Welt.<\/p>\n<p><a href=\"http:\/\/www.herr-nipp.de\/wp-content\/uploads\/2012\/09\/2007-interim-0011.jpg\"><img loading=\"lazy\" decoding=\"async\" class=\"aligncenter size-full wp-image-1181\" src=\"http:\/\/www.herr-nipp.de\/wp-content\/uploads\/2012\/09\/2007-interim-0011.jpg\" alt=\"2007 interim 001\" width=\"320\" height=\"256\" srcset=\"http:\/\/www.herr-nipp.de\/wp-content\/uploads\/2012\/09\/2007-interim-0011.jpg 320w, http:\/\/www.herr-nipp.de\/wp-content\/uploads\/2012\/09\/2007-interim-0011-148x118.jpg 148w, http:\/\/www.herr-nipp.de\/wp-content\/uploads\/2012\/09\/2007-interim-0011-31x24.jpg 31w, http:\/\/www.herr-nipp.de\/wp-content\/uploads\/2012\/09\/2007-interim-0011-38x30.jpg 38w, http:\/\/www.herr-nipp.de\/wp-content\/uploads\/2012\/09\/2007-interim-0011-268x215.jpg 268w\" sizes=\"auto, (max-width: 320px) 100vw, 320px\" \/><\/a><\/p>\n<p>Der Geist von M\u00fcnchen? K\u00f6nnte es die Hauptstadt der Wei\u00dfwurst sein? Aber das als Geist zu bezeichnen, ist ja wohl l\u00e4cherlich. Geist der Fu\u00dfballhybris vielleicht noch. Und Berlin? Und auch noch Hamburg? Der Geist der vielen Hansest\u00e4dte \u00fcberhaupt. Der Geist von Mannheim und Stuttgart? Von all den rund 76 deutschen sogenannten Gro\u00dfst\u00e4dten, die eigentlich gar nicht so gro\u00df sind, nur per Definition so genannt werden k\u00f6nnen, weil sie \u00fcber 100.000 Einwohner haben. In Deutschland ist \u00fcberall Provinz.\u00a0Wer zum Beispiel\u00a0Siegen jemals erlebt hat, wei\u00df, dass es sich letztlich nur um eine Aneinanderreihung von D\u00f6rfern und Kleinst\u00e4dten handelt, aber wie Rom auf sieben H\u00fcgeln erbaut. Immerhin auf eine sehr eigene Weise charmant.<\/p>\n<p>Wer glaubt schon, dass allein NRW 28 Gro\u00dfst\u00e4dte besitzt. Eigentlich sind es doch gef\u00fchlt nur K\u00f6ln sowie D\u00fcsseldorf mit ihren Uml\u00e4ndern und das Ruhrgebiet. Der Geist von D\u00fcsseldorf? Nein, dazu f\u00e4llt\u00a0Herrn Nipp\u00a0nichts ein. Bei all den f\u00f6deralistischen Geistern in Deutschland verliert er immer so schnell den \u00dcberblick. Wie einfach haben es da doch die Franzosen und Engl\u00e4nder mit ihren klar zentralistischen Systemen. Jeder kennt den Geist von Paris und den von London. Oder sind es da doch nur die Wahrzeichen.<\/p>\n<\/div>\n<\/div>\n<div class=\"gA gt acV\">\n<div class=\"gB xu\">\n<table id=\":10v\" class=\"cf gz ac0\" style=\"height: 38px;\" width=\"98\" cellpadding=\"0\">\n<tbody>\n<tr>\n<td>\n<div class=\"cKWzSc mD\" tabindex=\"0\"><\/div>\n<\/td>\n<td><\/td>\n<td>\n<div class=\"XymfBd mD\" tabindex=\"0\"><span style=\"font-size: small;\">\u00a0<\/span><\/div>\n<\/td>\n<td><\/td>\n<td class=\"io\"><\/td>\n<\/tr>\n<\/tbody>\n<\/table>\n<div class=\"ip iq\">\n<div id=\":10m\">\n<table class=\"cf FVrZGe\">\n<tbody>\n<tr>\n<td class=\"amq\"><\/td>\n<\/tr>\n<\/tbody>\n<\/table>\n<\/div>\n<\/div>\n<\/div>\n<\/div>\n","protected":false},"excerpt":{"rendered":"<p>Egal welche deutsche Stadt, sie wird mit einem Geist verbunden, denkt er sich. Welcher Geist auch immer, man wird schon etwas finden. Da gibt es den Geist von Weimar, den der Dichter und Denker, des Humanismus. Der Geist von Frankfurt? &hellip; <a href=\"http:\/\/www.herr-nipp.de\/?p=4660\">Weiterlesen <span class=\"meta-nav\">&rarr;<\/span><\/a><\/p>\n","protected":false},"author":1,"featured_media":0,"comment_status":"closed","ping_status":"closed","sticky":false,"template":"","format":"standard","meta":{"footnotes":""},"categories":[1],"tags":[],"class_list":["post-4660","post","type-post","status-publish","format-standard","hentry","category-allgemein"],"_links":{"self":[{"href":"http:\/\/www.herr-nipp.de\/index.php?rest_route=\/wp\/v2\/posts\/4660","targetHints":{"allow":["GET"]}}],"collection":[{"href":"http:\/\/www.herr-nipp.de\/index.php?rest_route=\/wp\/v2\/posts"}],"about":[{"href":"http:\/\/www.herr-nipp.de\/index.php?rest_route=\/wp\/v2\/types\/post"}],"author":[{"embeddable":true,"href":"http:\/\/www.herr-nipp.de\/index.php?rest_route=\/wp\/v2\/users\/1"}],"replies":[{"embeddable":true,"href":"http:\/\/www.herr-nipp.de\/index.php?rest_route=%2Fwp%2Fv2%2Fcomments&post=4660"}],"version-history":[{"count":4,"href":"http:\/\/www.herr-nipp.de\/index.php?rest_route=\/wp\/v2\/posts\/4660\/revisions"}],"predecessor-version":[{"id":4665,"href":"http:\/\/www.herr-nipp.de\/index.php?rest_route=\/wp\/v2\/posts\/4660\/revisions\/4665"}],"wp:attachment":[{"href":"http:\/\/www.herr-nipp.de\/index.php?rest_route=%2Fwp%2Fv2%2Fmedia&parent=4660"}],"wp:term":[{"taxonomy":"category","embeddable":true,"href":"http:\/\/www.herr-nipp.de\/index.php?rest_route=%2Fwp%2Fv2%2Fcategories&post=4660"},{"taxonomy":"post_tag","embeddable":true,"href":"http:\/\/www.herr-nipp.de\/index.php?rest_route=%2Fwp%2Fv2%2Ftags&post=4660"}],"curies":[{"name":"wp","href":"https:\/\/api.w.org\/{rel}","templated":true}]}}