{"id":2264,"date":"2013-05-04T07:45:23","date_gmt":"2013-05-04T05:45:23","guid":{"rendered":"http:\/\/www.herr-nipp.de\/?p=2264"},"modified":"2013-05-04T07:45:23","modified_gmt":"2013-05-04T05:45:23","slug":"fruhstucksidylle","status":"publish","type":"post","link":"http:\/\/www.herr-nipp.de\/?p=2264","title":{"rendered":"Fr\u00fchst\u00fccksidylle"},"content":{"rendered":"<p>Er hatte aus dem Fenster geschaut, die Sonne brannte schon fr\u00fch herein, als h\u00e4tte sie nie etwas anderes gemacht. Vergessen waren pl\u00f6tzlich die langen Monate des Winters. Vergessen war ihm die K\u00e4lte, die M\u00fche des Atmens in frostiger Luft. In den Garten blickte er, jenes kleinste Fleckchen Erde, welches in den letzten Jahren zu einer fast schon kitschigen Idylle gewachsen war. Mit Bl\u00fcmchen und Buchsbaumhecken. Erste beschienene Flecken breiteten sich dort unten aus.<\/p>\n<p>Er w\u00fcrde gleich Kaffee kochen, sein Gedeck herunterbringen, die vielen Kleinigkeiten, welche zum Fr\u00fchst\u00fcck gebraucht wurden, in einem Korb. Der winzige Plastiktisch mit den violetten Plastikst\u00fchlen w\u00fcrde gedeckt sein und alles zum Essen bereit. Ja, sogar eine Tischdecke w\u00fcrde sich ausbreiten unter dem Ensemble. Nichts ordentlich gereiht, sondern in loser Folge als fast barockes Stillleben fanden sich dann Gedeck, Butter, verschiedene Marmeladen, Honig und R\u00fcbenkraut, zwei Sorten K\u00e4se und Frischk\u00e4se nat\u00fcrlich, den er am Vortag mit B\u00e4rlauch verfeinert hatte. Eine Kaffekanne und Orangensaft, leckeres Vollkornbrot mussten schon sein.<\/p>\n<p><a href=\"http:\/\/www.herr-nipp.de\/?attachment_id=2265\" rel=\"attachment wp-att-2265\"><img loading=\"lazy\" decoding=\"async\" class=\"alignleft size-large wp-image-2265\" title=\"B\u00e4rlauchbrot\" src=\"http:\/\/www.herr-nipp.de\/wp-content\/uploads\/2013\/05\/IMG_4436-1024x682.jpg\" alt=\"\" width=\"640\" height=\"426\" srcset=\"http:\/\/www.herr-nipp.de\/wp-content\/uploads\/2013\/05\/IMG_4436-1024x682.jpg 1024w, http:\/\/www.herr-nipp.de\/wp-content\/uploads\/2013\/05\/IMG_4436-400x266.jpg 400w, http:\/\/www.herr-nipp.de\/wp-content\/uploads\/2013\/05\/IMG_4436-148x98.jpg 148w, http:\/\/www.herr-nipp.de\/wp-content\/uploads\/2013\/05\/IMG_4436-31x20.jpg 31w, http:\/\/www.herr-nipp.de\/wp-content\/uploads\/2013\/05\/IMG_4436-38x25.jpg 38w, http:\/\/www.herr-nipp.de\/wp-content\/uploads\/2013\/05\/IMG_4436-322x215.jpg 322w\" sizes=\"auto, (max-width: 640px) 100vw, 640px\" \/><\/a><\/p>\n<p>Der dunkle Aufwecker, den er so dringend morgens brauchte, lief durch den Handfilter und verbreitete schon in der kargen Wohnung einen hocharomatischen Duft. Alles wurde schnell heruntergebracht und ausgebreitet. Herr Nipp ging noch einmal hoch, den Kaffe zu holen. Musste noch einmal nachgie\u00dfen, zwei Minuten warten. Als er endlich in den Garten kam, bot sich ihm ein Bild der Verw\u00fcstung. Die Kr\u00e4hen und Elstern aus den B\u00e4umen der Nachbarschaft waren wie ein Heer von Trollen \u00fcber die ausgebreitete Tafel hergefallen und hatten sie gnadenlos gepl\u00fcndert. Diese Kreaturen wussten noch, was es hie\u00df, eine Politik der verbrannten Erde zu f\u00fchren.<\/p>\n","protected":false},"excerpt":{"rendered":"<p>Er hatte aus dem Fenster geschaut, die Sonne brannte schon fr\u00fch herein, als h\u00e4tte sie nie etwas anderes gemacht. Vergessen waren pl\u00f6tzlich die langen Monate des Winters. Vergessen war ihm die K\u00e4lte, die M\u00fche des Atmens in frostiger Luft. In &hellip; <a href=\"http:\/\/www.herr-nipp.de\/?p=2264\">Weiterlesen <span class=\"meta-nav\">&rarr;<\/span><\/a><\/p>\n","protected":false},"author":1,"featured_media":0,"comment_status":"open","ping_status":"open","sticky":false,"template":"","format":"standard","meta":{"footnotes":""},"categories":[1],"tags":[],"class_list":["post-2264","post","type-post","status-publish","format-standard","hentry","category-allgemein"],"_links":{"self":[{"href":"http:\/\/www.herr-nipp.de\/index.php?rest_route=\/wp\/v2\/posts\/2264","targetHints":{"allow":["GET"]}}],"collection":[{"href":"http:\/\/www.herr-nipp.de\/index.php?rest_route=\/wp\/v2\/posts"}],"about":[{"href":"http:\/\/www.herr-nipp.de\/index.php?rest_route=\/wp\/v2\/types\/post"}],"author":[{"embeddable":true,"href":"http:\/\/www.herr-nipp.de\/index.php?rest_route=\/wp\/v2\/users\/1"}],"replies":[{"embeddable":true,"href":"http:\/\/www.herr-nipp.de\/index.php?rest_route=%2Fwp%2Fv2%2Fcomments&post=2264"}],"version-history":[{"count":2,"href":"http:\/\/www.herr-nipp.de\/index.php?rest_route=\/wp\/v2\/posts\/2264\/revisions"}],"predecessor-version":[{"id":2267,"href":"http:\/\/www.herr-nipp.de\/index.php?rest_route=\/wp\/v2\/posts\/2264\/revisions\/2267"}],"wp:attachment":[{"href":"http:\/\/www.herr-nipp.de\/index.php?rest_route=%2Fwp%2Fv2%2Fmedia&parent=2264"}],"wp:term":[{"taxonomy":"category","embeddable":true,"href":"http:\/\/www.herr-nipp.de\/index.php?rest_route=%2Fwp%2Fv2%2Fcategories&post=2264"},{"taxonomy":"post_tag","embeddable":true,"href":"http:\/\/www.herr-nipp.de\/index.php?rest_route=%2Fwp%2Fv2%2Ftags&post=2264"}],"curies":[{"name":"wp","href":"https:\/\/api.w.org\/{rel}","templated":true}]}}