{"id":1667,"date":"2013-01-01T00:33:30","date_gmt":"2012-12-31T23:33:30","guid":{"rendered":"http:\/\/www.herr-nipp.de\/?p=1667"},"modified":"2013-01-01T09:33:24","modified_gmt":"2013-01-01T08:33:24","slug":"der-stau-erster-teil","status":"publish","type":"post","link":"http:\/\/www.herr-nipp.de\/?p=1667","title":{"rendered":"Der Stau (I\/1)"},"content":{"rendered":"<p>Ich sitze im Stau fest. Im Auto. Vor und hinter mir eine ungez\u00e4hlte Reihe anderer Fahrer mit ihren Gef\u00e4hrten,\u00a0 Menschen auf einem riesigen, kilometerlangen Parkplatz, die wissen, hier sollten sie nicht stehen. Meist mit ihren Umst\u00e4nden hadernd. Vor allem aber mit denen da vorne, die den Stau verursachen. Wo auch immer, eben an der entscheidenden Stelle. Sie grollen den anderen, w\u00fcrden diese gerne treffen. Dabei nehmen die Gedanken manchmal gewaltt\u00e4tige Z\u00fcge an. Selten nur denkt jemand mitleidig daran, dass die Verursacher ja gerade Leid erfahren. Vermute ich jedenfalls.Ob es mir auch so geht?<\/p>\n<p><a href=\"http:\/\/www.herr-nipp.de\/?attachment_id=1669\" rel=\"attachment wp-att-1669\"><img loading=\"lazy\" decoding=\"async\" class=\"alignleft size-full wp-image-1669\" title=\"blau\" src=\"http:\/\/www.herr-nipp.de\/wp-content\/uploads\/2013\/01\/bearbeitet8.jpg\" alt=\"\" width=\"480\" height=\"640\" srcset=\"http:\/\/www.herr-nipp.de\/wp-content\/uploads\/2013\/01\/bearbeitet8.jpg 480w, http:\/\/www.herr-nipp.de\/wp-content\/uploads\/2013\/01\/bearbeitet8-300x400.jpg 300w, http:\/\/www.herr-nipp.de\/wp-content\/uploads\/2013\/01\/bearbeitet8-111x148.jpg 111w, http:\/\/www.herr-nipp.de\/wp-content\/uploads\/2013\/01\/bearbeitet8-23x31.jpg 23w, http:\/\/www.herr-nipp.de\/wp-content\/uploads\/2013\/01\/bearbeitet8-28x38.jpg 28w, http:\/\/www.herr-nipp.de\/wp-content\/uploads\/2013\/01\/bearbeitet8-161x215.jpg 161w\" sizes=\"auto, (max-width: 480px) 100vw, 480px\" \/><\/a><\/p>\n<p>Ich habe derzeit die Ruhe weg, kann jede begr\u00fcndbare Verz\u00f6gerung gebrauchen. Jede Minute, die ich sp\u00e4ter komme, ist eine geschenkte. Aber ich spiele mit, nat\u00fcrlich, spiele die Verzweiflung eines Eilenden, der Termine einzuhalten hat. Die Finger trommeln den Takt der im Radio laufenden Popmusik nach, k\u00f6nnen die\u00a0 Gleichm\u00e4\u00dfigkeit nicht halten. Immer schon wurde mir Taktlosigkeit bescheinigt. Musikalisch wie sozial. Das Trommeln wird drastischer mit jeder Minute, macht einfach Spa\u00df. Auch das Wissen, dass der Sound aus dem \u00c4ther nicht mit meinen neuen Klopfmel(d)odien mitkommt. Ich beginne gegen die Musik an zu arbeiten. Irgendwann werde ich zu dem Punkt gelangen, dass mein Metrum den der vorgegebenen Kl\u00e4nge wieder eingeholt hat, dann wird \u00fcber einige Minuten, eher aber nur Sekunden,\u00a0 eine \u00dcbereinstimmung zu erzielen sein. F\u00fcr einen Au\u00dfenstehenden w\u00e4re dies sicher eine Harmonie, f\u00fcr mich eher Langeweile.<\/p>\n<p>Das Auto steht bereits seit einer viertel Stunde. Diese Bewegungsunm\u00f6glichkeit einer im Bewusstsein der Mobilit\u00e4t lebenden Gesellschaft ist es, was die Aggressionen f\u00f6rdert. Die Minuten verstreichen wahrscheinlich kontinuierlich, physikalisch besteht keine andere M\u00f6glichkeit zur Zeit, es sei denn, sie w\u00e4re Umst\u00e4nden ausgesetzt, die unserer Realit\u00e4t entgegenlaufen, so etwa bei Lichtgeschwindigkeit. Aber das kann ich nicht genau beschreiben, obwohl einige Physiker in den letzten Jahrzehnten mir immer wieder erkl\u00e4rt haben, welches Verh\u00e4ltnis Zeit und Geschwindigkeit zu einander haben. Wenn Zeit also genauso gebeugt und gestaucht werden kann, wie der Raum, von dem die meisten Menschen ja bekanntlich auch denken, er sei immer so, wie er ihnen scheint, dann stellt sich mir die Frage, ob es tats\u00e4chlich so etwas wie Naturgesetze der Physik gibt. Vielleicht sind sie ja wirklich nur bezogen auf unsere Lebenssituation hier auf der Erde richtig. Wer im Stau sitzt, verliert sich immer wieder in solche Gedanken, vielleicht denkt er auch \u00fcber seine Mitmenschen nach, den Job oder was auch immer, die Gedanken drehen sich im Kreis. Die gef\u00fchlte Zeit, nur als Gemeinplatz, dehnt sich, sobald man sie im Ruhezustand wahrnimmt.<\/p>\n","protected":false},"excerpt":{"rendered":"<p>Ich sitze im Stau fest. Im Auto. Vor und hinter mir eine ungez\u00e4hlte Reihe anderer Fahrer mit ihren Gef\u00e4hrten,\u00a0 Menschen auf einem riesigen, kilometerlangen Parkplatz, die wissen, hier sollten sie nicht stehen. Meist mit ihren Umst\u00e4nden hadernd. Vor allem aber &hellip; <a href=\"http:\/\/www.herr-nipp.de\/?p=1667\">Weiterlesen <span class=\"meta-nav\">&rarr;<\/span><\/a><\/p>\n","protected":false},"author":1,"featured_media":0,"comment_status":"open","ping_status":"open","sticky":false,"template":"","format":"standard","meta":{"footnotes":""},"categories":[1],"tags":[],"class_list":["post-1667","post","type-post","status-publish","format-standard","hentry","category-allgemein"],"_links":{"self":[{"href":"http:\/\/www.herr-nipp.de\/index.php?rest_route=\/wp\/v2\/posts\/1667","targetHints":{"allow":["GET"]}}],"collection":[{"href":"http:\/\/www.herr-nipp.de\/index.php?rest_route=\/wp\/v2\/posts"}],"about":[{"href":"http:\/\/www.herr-nipp.de\/index.php?rest_route=\/wp\/v2\/types\/post"}],"author":[{"embeddable":true,"href":"http:\/\/www.herr-nipp.de\/index.php?rest_route=\/wp\/v2\/users\/1"}],"replies":[{"embeddable":true,"href":"http:\/\/www.herr-nipp.de\/index.php?rest_route=%2Fwp%2Fv2%2Fcomments&post=1667"}],"version-history":[{"count":8,"href":"http:\/\/www.herr-nipp.de\/index.php?rest_route=\/wp\/v2\/posts\/1667\/revisions"}],"predecessor-version":[{"id":1789,"href":"http:\/\/www.herr-nipp.de\/index.php?rest_route=\/wp\/v2\/posts\/1667\/revisions\/1789"}],"wp:attachment":[{"href":"http:\/\/www.herr-nipp.de\/index.php?rest_route=%2Fwp%2Fv2%2Fmedia&parent=1667"}],"wp:term":[{"taxonomy":"category","embeddable":true,"href":"http:\/\/www.herr-nipp.de\/index.php?rest_route=%2Fwp%2Fv2%2Fcategories&post=1667"},{"taxonomy":"post_tag","embeddable":true,"href":"http:\/\/www.herr-nipp.de\/index.php?rest_route=%2Fwp%2Fv2%2Ftags&post=1667"}],"curies":[{"name":"wp","href":"https:\/\/api.w.org\/{rel}","templated":true}]}}